{"id":32241,"date":"2026-03-30T16:29:24","date_gmt":"2026-03-30T14:29:24","guid":{"rendered":"https:\/\/masquefa.cat\/noticies\/?p=32241"},"modified":"2026-03-30T16:29:24","modified_gmt":"2026-03-30T14:29:24","slug":"el-punt-local-dorientacio-posa-en-marxa-una-campanya-dacompanyament-per-a-la-preinscripcio-als-estudis-postobligatoris","status":"publish","type":"post","link":"https:\/\/masquefa.cat\/noticies\/el-punt-local-dorientacio-posa-en-marxa-una-campanya-dacompanyament-per-a-la-preinscripcio-als-estudis-postobligatoris\/","title":{"rendered":"El Punt Local d\u2019Orientaci\u00f3 posa en marxa una campanya d\u2019acompanyament per a la preinscripci\u00f3 als estudis postobligatoris"},"content":{"rendered":"<p><strong>El Punt Local d\u2019Orientaci\u00f3 iniciar\u00e0 el 9 d\u2019abril una campanya d\u2019acompanyament adre\u00e7ada a joves i fam\u00edlies amb l\u2019objectiu de facilitar el proc\u00e9s de preinscripci\u00f3 als estudis postobligatoris. El servei oferir\u00e0 suport personalitzat per orientar en la tria d\u2019itineraris formatius i resoldre dubtes durant aquest per\u00edode clau.<\/strong><\/p>\n<p>L\u2019Ajuntament de Masquefa impulsa una nova acci\u00f3 d\u2019acompanyament educatiu adre\u00e7ada a joves i fam\u00edlies en el marc del proc\u00e9s de preinscripci\u00f3 als estudis postobligatoris. La iniciativa es desplegar\u00e0 a trav\u00e9s del Punt Local d\u2019Orientaci\u00f3 i s\u2019iniciar\u00e0 el pr\u00f2xim 9 d\u2019abril.<\/p>\n<p>Amb aquesta campanya, el consistori refor\u00e7a les pol\u00edtiques municipals de suport a la joventut i a l\u2019educaci\u00f3, amb l\u2019objectiu de garantir que totes les persones disposin d\u2019informaci\u00f3 clara, accessible i de qualitat per prendre decisions sobre el seu futur acad\u00e8mic.<\/p>\n<p><strong><u>Un servei per orientar en la presa de decisions<\/u><\/strong><\/p>\n<p>El Punt Local d\u2019Orientaci\u00f3 ofereix un servei d\u2019assessorament individualitzat per donar resposta als dubtes que poden sorgir durant el proc\u00e9s de preinscripci\u00f3. L\u2019elecci\u00f3 d\u2019itinerari formatiu \u00e9s una decisi\u00f3 rellevant que requereix con\u00e8ixer les opcions disponibles i valorar-les d\u2019acord amb els interessos i les expectatives personals.<\/p>\n<p>En aquest sentit, aquest servei facilita informaci\u00f3 i orientaci\u00f3 per ajudar a entendre el sistema educatiu postobligatori i afavorir una presa de decisions informada.<\/p>\n<p><strong><u>Acompanyament en diversos itineraris formatius<\/u><\/strong><\/p>\n<p>La iniciativa busca donar suport en la preinscripci\u00f3 als diferents estudis postobligatoris: Batxillerat, cicles formatius de grau mitj\u00e0 i superior, programes de formaci\u00f3 i inserci\u00f3 (PFI) i estudis universitaris.<\/p>\n<p>Per refor\u00e7ar aquest acompanyament, el servei oferir\u00e0 sessions espec\u00edfiques segons l\u2019itinerari formatiu escollit. En el cas del Batxillerat, es realitzaran els dies 9, 14 i 16 de maig, de 16.30 a 18.30 hores. Pel que fa als cicles formatius de grau mitj\u00e0 i superior, les sessions tindran lloc els dies 26, 27 i 28 de maig, en el mateix horari. Finalment, per als programes de formaci\u00f3 i inserci\u00f3 (PFI), s\u2019ha programat una sessi\u00f3 el 5 de maig, tamb\u00e9 de 16.30 a 18.30 hores.<\/p>\n<p>Aquest acompanyament permet con\u00e8ixer els requisits d\u2019acc\u00e9s, els terminis i les caracter\u00edstiques de cada opci\u00f3 formativa, amb una visi\u00f3 global del conjunt d\u2019itineraris disponibles.<\/p>\n<p><strong><u>Atenci\u00f3 amb cita pr\u00e8via<\/u><\/strong><\/p>\n<p>L\u2019atenci\u00f3 es prestar\u00e0 els dimarts i dijous, de 17 a 19 h, amb cita pr\u00e8via. El servei s\u2019adre\u00e7a tant a joves com a fam\u00edlies, que hi poden assistir de manera individual o acompanyats.<\/p>\n<p>Les inscripcions es poden formalitzar a trav\u00e9s del <a href=\"https:\/\/shorturl.at\/osAGa\">formulari<\/a> en l\u00ednia habilitat.<\/p>\n<p><strong><u>Ajuts per a estudis postobligatoris<\/u><\/strong><\/p>\n<p>En paral\u00b7lel a aquesta iniciativa, es preveu la difusi\u00f3 d\u2019informaci\u00f3 sobre ajuts econ\u00f2mics adre\u00e7ats a estudis postobligatoris, amb la voluntat de facilitar l\u2019acc\u00e9s a la formaci\u00f3 i reduir possibles desigualtats en aquest \u00e0mbit.<\/p>\n","protected":false},"excerpt":{"rendered":"<p>El Punt Local d\u2019Orientaci\u00f3 iniciar\u00e0 el 9 d\u2019abril una campanya d\u2019acompanyament adre\u00e7ada a joves i fam\u00edlies amb l\u2019objectiu de facilitar el proc\u00e9s de preinscripci\u00f3 als estudis postobligatoris. El servei oferir\u00e0 suport personalitzat per orientar en la tria d\u2019itineraris formatius i resoldre dubtes durant aquest per\u00edode clau. L\u2019Ajuntament de Masquefa impulsa una nova acci\u00f3 d\u2019acompanyament educatiu&hellip;<\/p>\n","protected":false},"author":7,"featured_media":32242,"comment_status":"closed","ping_status":"closed","sticky":false,"template":"","format":"standard","meta":[],"categories":[96,62,1],"tags":[],"_links":{"self":[{"href":"https:\/\/masquefa.cat\/noticies\/wp-json\/wp\/v2\/posts\/32241"}],"collection":[{"href":"https:\/\/masquefa.cat\/noticies\/wp-json\/wp\/v2\/posts"}],"about":[{"href":"https:\/\/masquefa.cat\/noticies\/wp-json\/wp\/v2\/types\/post"}],"author":[{"embeddable":true,"href":"https:\/\/masquefa.cat\/noticies\/wp-json\/wp\/v2\/users\/7"}],"replies":[{"embeddable":true,"href":"https:\/\/masquefa.cat\/noticies\/wp-json\/wp\/v2\/comments?post=32241"}],"version-history":[{"count":1,"href":"https:\/\/masquefa.cat\/noticies\/wp-json\/wp\/v2\/posts\/32241\/revisions"}],"predecessor-version":[{"id":32243,"href":"https:\/\/masquefa.cat\/noticies\/wp-json\/wp\/v2\/posts\/32241\/revisions\/32243"}],"wp:featuredmedia":[{"embeddable":true,"href":"https:\/\/masquefa.cat\/noticies\/wp-json\/wp\/v2\/media\/32242"}],"wp:attachment":[{"href":"https:\/\/masquefa.cat\/noticies\/wp-json\/wp\/v2\/media?parent=32241"}],"wp:term":[{"taxonomy":"category","embeddable":true,"href":"https:\/\/masquefa.cat\/noticies\/wp-json\/wp\/v2\/categories?post=32241"},{"taxonomy":"post_tag","embeddable":true,"href":"https:\/\/masquefa.cat\/noticies\/wp-json\/wp\/v2\/tags?post=32241"}],"curies":[{"name":"wp","href":"https:\/\/api.w.org\/{rel}","templated":true}]}}