{"id":32337,"date":"2026-04-27T11:38:02","date_gmt":"2026-04-27T09:38:02","guid":{"rendered":"https:\/\/masquefa.cat\/noticies\/?p=32337"},"modified":"2026-04-27T11:38:02","modified_gmt":"2026-04-27T09:38:02","slug":"masquefa-dona-la-benvinguda-als-nous-veins-empadronats-el-primer-trimestre-de-2026","status":"publish","type":"post","link":"https:\/\/masquefa.cat\/noticies\/masquefa-dona-la-benvinguda-als-nous-veins-empadronats-el-primer-trimestre-de-2026\/","title":{"rendered":"Masquefa dona la benvinguda als nous ve\u00efns empadronats el primer trimestre de 2026"},"content":{"rendered":"<p><strong>L\u2019Ajuntament ha celebrat un acte d\u2019acollida per apropar els serveis municipals i el municipi als nous masquefins.<\/strong><\/p>\n<p>L\u2019Ajuntament de Masquefa ha celebrat aquest passat dissabte al mat\u00ed l\u2019acte de benvinguda als nous ve\u00efns empadronats durant el primer trimestre de 2026.<\/p>\n<p>Es tracta d\u2019una trobada senzilla per\u00f2 significativa, que ha servit per donar-los la benvinguda, explicar el funcionament del municipi i apropar-los als serveis i \u00e0mbits de la corporaci\u00f3 als quals poden rec\u00f3rrer.<\/p>\n<p>Durant la jornada, tamb\u00e9 s\u2019ha posat en valor un dels elements destacats del patrimoni cultural local, com \u00e9s la capella del Roser, que els assistents han pogut con\u00e8ixer.<\/p>\n<p>Aquest acte t\u00e9 com a objectiu facilitar l\u2019acollida i contribuir al coneixement de Masquefa per part dels nous ve\u00efns, tot fomentant la seva integraci\u00f3 al municipi.<\/p>\n","protected":false},"excerpt":{"rendered":"<p>L\u2019Ajuntament ha celebrat un acte d\u2019acollida per apropar els serveis municipals i el municipi als nous masquefins. L\u2019Ajuntament de Masquefa ha celebrat aquest passat dissabte al mat\u00ed l\u2019acte de benvinguda als nous ve\u00efns empadronats durant el primer trimestre de 2026. Es tracta d\u2019una trobada senzilla per\u00f2 significativa, que ha servit per donar-los la benvinguda, explicar&hellip;<\/p>\n","protected":false},"author":7,"featured_media":32338,"comment_status":"closed","ping_status":"closed","sticky":false,"template":"","format":"standard","meta":[],"categories":[96,104,1],"tags":[],"_links":{"self":[{"href":"https:\/\/masquefa.cat\/noticies\/wp-json\/wp\/v2\/posts\/32337"}],"collection":[{"href":"https:\/\/masquefa.cat\/noticies\/wp-json\/wp\/v2\/posts"}],"about":[{"href":"https:\/\/masquefa.cat\/noticies\/wp-json\/wp\/v2\/types\/post"}],"author":[{"embeddable":true,"href":"https:\/\/masquefa.cat\/noticies\/wp-json\/wp\/v2\/users\/7"}],"replies":[{"embeddable":true,"href":"https:\/\/masquefa.cat\/noticies\/wp-json\/wp\/v2\/comments?post=32337"}],"version-history":[{"count":1,"href":"https:\/\/masquefa.cat\/noticies\/wp-json\/wp\/v2\/posts\/32337\/revisions"}],"predecessor-version":[{"id":32339,"href":"https:\/\/masquefa.cat\/noticies\/wp-json\/wp\/v2\/posts\/32337\/revisions\/32339"}],"wp:featuredmedia":[{"embeddable":true,"href":"https:\/\/masquefa.cat\/noticies\/wp-json\/wp\/v2\/media\/32338"}],"wp:attachment":[{"href":"https:\/\/masquefa.cat\/noticies\/wp-json\/wp\/v2\/media?parent=32337"}],"wp:term":[{"taxonomy":"category","embeddable":true,"href":"https:\/\/masquefa.cat\/noticies\/wp-json\/wp\/v2\/categories?post=32337"},{"taxonomy":"post_tag","embeddable":true,"href":"https:\/\/masquefa.cat\/noticies\/wp-json\/wp\/v2\/tags?post=32337"}],"curies":[{"name":"wp","href":"https:\/\/api.w.org\/{rel}","templated":true}]}}