{"id":32340,"date":"2026-04-27T13:54:33","date_gmt":"2026-04-27T11:54:33","guid":{"rendered":"https:\/\/masquefa.cat\/noticies\/?p=32340"},"modified":"2026-04-27T13:55:29","modified_gmt":"2026-04-27T11:55:29","slug":"masquefa-avanca-en-la-transformacio-de-la-fabrica-de-cartro-amb-la-presentacio-dels-resultats-del-proces-participatiu","status":"publish","type":"post","link":"https:\/\/masquefa.cat\/noticies\/masquefa-avanca-en-la-transformacio-de-la-fabrica-de-cartro-amb-la-presentacio-dels-resultats-del-proces-participatiu\/","title":{"rendered":"Masquefa avan\u00e7a en la transformaci\u00f3 de la F\u00e0brica de Cartr\u00f3 amb la presentaci\u00f3 dels resultats del proc\u00e9s participatiu"},"content":{"rendered":"<p><strong>El projecte de regeneraci\u00f3 urbana de l\u2019antiga f\u00e0brica consolida un model d\u2019equipament comunitari, sostenible i intergeneracional, constru\u00eft a partir de les aportacions de la poblaci\u00f3n.<\/strong><\/p>\n<p>L\u2019Ajuntament de Masquefa ha presentat els resultats del proc\u00e9s participatiu i de benchmarking vinculats a la transformaci\u00f3 de l\u2019antiga F\u00e0brica de Cartr\u00f3, un dels projectes urban\u00edstics m\u00e9s rellevants per al futur del municipi.<\/p>\n<p>&nbsp;<\/p>\n<p><strong><u>Un projecte estrat\u00e8gic per al futur del municipi<\/u><\/strong><\/p>\n<p>L\u2019actuaci\u00f3 se centra en un \u00e0mbit de prop de 8.000 metres quadrats de titularitat municipal i qualificat urban\u00edsticament com a equipament, amb l\u2019objectiu de convertir-lo en un nou espai de refer\u00e8ncia per a la vida comunit\u00e0ria. En aquest sentit, l\u2019alcalde de Masquefa, Daniel Guti\u00e9rrez, destaca que<strong> \u201cla transformaci\u00f3 de la F\u00e0brica de Cartr\u00f3 \u00e9s una oportunitat \u00fanica per repensar un espai central del municipi i posar-lo al servei de la poblaci\u00f3\u201d, i subratlla que el projecte vol esdevenir \u201cun motor de cohesi\u00f3 social i de dinamitzaci\u00f3 comunit\u00e0ria\u201d.<\/strong><\/p>\n<p>La intervenci\u00f3 vol donar resposta a diverses problem\u00e0tiques detectades a l\u2019\u00e0mbit, tant des del punt de vista arquitect\u00f2nic com urban\u00edstic i funcional, i alhora aprofitar el potencial d\u2019aquest espai per generar noves oportunitats per al conjunt del municipi.<\/p>\n<p>El projecte s\u2019ha desenvolupat seguint criteris de sostenibilitat i resili\u00e8ncia urbana, alineats amb l\u2019Agenda 2030, les agendes urbanes locals i els principis de la Nova Bauhaus Europea, que promouen una transformaci\u00f3 basada en la qualitat de l\u2019entorn constru\u00eft, la inclusi\u00f3 i la sostenibilitat.<\/p>\n<p><strong><u>Participaci\u00f3 per definir els usos futurs<\/u><\/strong><\/p>\n<p>El proc\u00e9s participatiu ha comptat amb diferents eines i fases, com visites guiades a l\u2019espai, tallers deliberatius, sessions de treball i un q\u00fcestionari obert, amb l\u2019objectiu de recollir necessitats, propostes i expectatives sobre el futur de l\u2019\u00e0mbit.<\/p>\n<p>En total, hi han participat 90 persones en les sessions presencials i 259 en el q\u00fcestionari, fet que ha perm\u00e8s obtenir una visi\u00f3 \u00e0mplia i diversa de les prioritats del municipi. En aquest context, l\u2019alcalde remarca que<strong> \u201chem volgut que la poblaci\u00f3 sigui protagonista en la definici\u00f3 del futur d\u2019aquest espai\u201d <\/strong>i afegeix que<strong> \u201cles aportacions recollides ens permeten avan\u00e7ar cap a un projecte m\u00e9s ajustat a les necessitats reals del municipi, amb una visi\u00f3 inclusiva, sostenible i de llarg recorregut\u201d.<\/strong><\/p>\n<p>Els resultats apunten clarament cap a la necessitat de crear un equipament comunitari polivalent, amb una combinaci\u00f3 d\u2019usos socials, culturals, educatius i de lleure, capa\u00e7 d\u2019adaptar-se a diferents franges d\u2019edat i col\u00b7lectius. Tamb\u00e9 es posa de manifest la manca d\u2019espais de trobada i la voluntat de generar entorns que afavoreixin la cohesi\u00f3 social i la interacci\u00f3 entre generacions.<\/p>\n<p><strong><u>Un model d\u2019espai h\u00edbrid i integrador<\/u><\/strong><\/p>\n<p>Entre les principals l\u00ednies de futur definides pel proc\u00e9s participatiu destaquen la creaci\u00f3 d\u2019un equipament comunitari de refer\u00e8ncia, flexible i multifuncional; la incorporaci\u00f3 d\u2019espais p\u00fablics de qualitat, amb zones verdes i \u00e0rees de trobada; la possibilitat d\u2019incloure habitatge assequible, especialment per a joves, gent gran i col\u00b7lectius vulnerables; el desenvolupament d\u2019equipaments espec\u00edfics per a diferents etapes de la vida, i la preservaci\u00f3 i posada en valor del patrimoni industrial i la mem\u00f2ria de la f\u00e0brica.<\/p>\n<p>Aquest enfocament aposta per un model h\u00edbrid d\u2019usos, que combini espais interiors i exteriors i integri diferents funcions en un \u00fanic \u00e0mbit, amb una mirada inclusiva i intergeneracional.<\/p>\n<p><strong>Referents i innovaci\u00f3 en la transformaci\u00f3 urbana<\/strong><\/p>\n<p>El proc\u00e9s tamb\u00e9 ha incorporat una an\u00e0lisi de projectes similars a trav\u00e9s del benchmarking, amb referents com Can Batll\u00f3 o Palo Alto a Barcelona, aix\u00ed com altres experi\u00e8ncies de regeneraci\u00f3 urbana sostenible. Aquesta an\u00e0lisi ha perm\u00e8s identificar models de gesti\u00f3 col\u00b7laborativa, reutilitzaci\u00f3 d\u2019espais industrials i integraci\u00f3 d\u2019habitatge i equipaments, que poden servir d\u2019inspiraci\u00f3 per al desenvolupament del projecte a Masquefa.<\/p>\n<p><strong><u>Properes fases<\/u><\/strong><\/p>\n<p>Amb la presentaci\u00f3 dels resultats, el projecte entra ara en una nova fase de definici\u00f3 urban\u00edstica i t\u00e8cnica, en qu\u00e8 es concretaran els usos, el disseny i el model de gesti\u00f3 de l\u2019espai.<\/p>\n<p>L\u2019Ajuntament continuar\u00e0 treballant per desenvolupar una proposta que integri les aportacions recollides i garanteixi la viabilitat urban\u00edstica, ambiental i econ\u00f2mica del projecte.<\/p>\n<p>&nbsp;<\/p>\n","protected":false},"excerpt":{"rendered":"<p>El projecte de regeneraci\u00f3 urbana de l\u2019antiga f\u00e0brica consolida un model d\u2019equipament comunitari, sostenible i intergeneracional, constru\u00eft a partir de les aportacions de la poblaci\u00f3n. L\u2019Ajuntament de Masquefa ha presentat els resultats del proc\u00e9s participatiu i de benchmarking vinculats a la transformaci\u00f3 de l\u2019antiga F\u00e0brica de Cartr\u00f3, un dels projectes urban\u00edstics m\u00e9s rellevants per al&hellip;<\/p>\n","protected":false},"author":7,"featured_media":32341,"comment_status":"closed","ping_status":"closed","sticky":false,"template":"","format":"standard","meta":[],"categories":[96,1,105],"tags":[],"_links":{"self":[{"href":"https:\/\/masquefa.cat\/noticies\/wp-json\/wp\/v2\/posts\/32340"}],"collection":[{"href":"https:\/\/masquefa.cat\/noticies\/wp-json\/wp\/v2\/posts"}],"about":[{"href":"https:\/\/masquefa.cat\/noticies\/wp-json\/wp\/v2\/types\/post"}],"author":[{"embeddable":true,"href":"https:\/\/masquefa.cat\/noticies\/wp-json\/wp\/v2\/users\/7"}],"replies":[{"embeddable":true,"href":"https:\/\/masquefa.cat\/noticies\/wp-json\/wp\/v2\/comments?post=32340"}],"version-history":[{"count":2,"href":"https:\/\/masquefa.cat\/noticies\/wp-json\/wp\/v2\/posts\/32340\/revisions"}],"predecessor-version":[{"id":32343,"href":"https:\/\/masquefa.cat\/noticies\/wp-json\/wp\/v2\/posts\/32340\/revisions\/32343"}],"wp:featuredmedia":[{"embeddable":true,"href":"https:\/\/masquefa.cat\/noticies\/wp-json\/wp\/v2\/media\/32341"}],"wp:attachment":[{"href":"https:\/\/masquefa.cat\/noticies\/wp-json\/wp\/v2\/media?parent=32340"}],"wp:term":[{"taxonomy":"category","embeddable":true,"href":"https:\/\/masquefa.cat\/noticies\/wp-json\/wp\/v2\/categories?post=32340"},{"taxonomy":"post_tag","embeddable":true,"href":"https:\/\/masquefa.cat\/noticies\/wp-json\/wp\/v2\/tags?post=32340"}],"curies":[{"name":"wp","href":"https:\/\/api.w.org\/{rel}","templated":true}]}}