{"id":32347,"date":"2026-04-29T07:31:21","date_gmt":"2026-04-29T05:31:21","guid":{"rendered":"https:\/\/masquefa.cat\/noticies\/?p=32347"},"modified":"2026-04-29T07:31:21","modified_gmt":"2026-04-29T05:31:21","slug":"masquefa-agraeix-la-implicacio-del-teixit-comercial-i-associatiu-en-la-diada-de-sant-jordi","status":"publish","type":"post","link":"https:\/\/masquefa.cat\/noticies\/masquefa-agraeix-la-implicacio-del-teixit-comercial-i-associatiu-en-la-diada-de-sant-jordi\/","title":{"rendered":"Masquefa agraeix la implicaci\u00f3 del teixit comercial i associatiu en la Diada de Sant Jordi"},"content":{"rendered":"<p><strong>La celebraci\u00f3 ha comptat amb una \u00e0mplia participaci\u00f3 d\u2019entitats i comer\u00e7os, que han contribu\u00eft a fer de la jornada tot un \u00e8xit. <\/strong><\/p>\n<p>L\u2019Ajuntament de Masquefa vol agrair la implicaci\u00f3 dels comer\u00e7os, entitats i col\u00b7lectius locals que han participat activament en la Diada de Sant Jordi, contribuint a omplir els carrers d\u2019activitat, cultura i ambient festiu.<\/p>\n<p>La jornada ha estat possible gr\u00e0cies a la participaci\u00f3 de nombrosos agents del municipi: Edunauta, l\u2019Espai socioeducatiu La F\u00e0brica, el Casal de Joves, Animalistes Masquefa, l\u2019Associaci\u00f3 de la Gent Gran de Masquefa, Floristeria Torres, el Ball de Diables de Masquefa Pixafocs i Cagaspurnes, L\u2019Amagat de l\u2019Empar, Estanc Masquefa, l\u2019AMPA La Baldufa, l\u2019AFA El Tur\u00f3, la Colla de Ball de Bastons de Masquefa, La Teranyina cooperativa de t\u00e8cniques SCCL, El Granero de Masquefa, Bestial Masquefa i l\u2019AMPA Vinyes Verdes.<\/p>\n<p>Amb la seva participaci\u00f3, tots ells han contribu\u00eft a consolidar Sant Jordi com una de les diades m\u00e9s destacades del calendari local, refor\u00e7ant el teixit associatiu i comercial del municipi i promovent la cultura i la conviv\u00e8ncia.<\/p>\n","protected":false},"excerpt":{"rendered":"<p>La celebraci\u00f3 ha comptat amb una \u00e0mplia participaci\u00f3 d\u2019entitats i comer\u00e7os, que han contribu\u00eft a fer de la jornada tot un \u00e8xit. L\u2019Ajuntament de Masquefa vol agrair la implicaci\u00f3 dels comer\u00e7os, entitats i col\u00b7lectius locals que han participat activament en la Diada de Sant Jordi, contribuint a omplir els carrers d\u2019activitat, cultura i ambient festiu.&hellip;<\/p>\n","protected":false},"author":7,"featured_media":32348,"comment_status":"closed","ping_status":"closed","sticky":false,"template":"","format":"standard","meta":[],"categories":[96,61,1],"tags":[],"_links":{"self":[{"href":"https:\/\/masquefa.cat\/noticies\/wp-json\/wp\/v2\/posts\/32347"}],"collection":[{"href":"https:\/\/masquefa.cat\/noticies\/wp-json\/wp\/v2\/posts"}],"about":[{"href":"https:\/\/masquefa.cat\/noticies\/wp-json\/wp\/v2\/types\/post"}],"author":[{"embeddable":true,"href":"https:\/\/masquefa.cat\/noticies\/wp-json\/wp\/v2\/users\/7"}],"replies":[{"embeddable":true,"href":"https:\/\/masquefa.cat\/noticies\/wp-json\/wp\/v2\/comments?post=32347"}],"version-history":[{"count":1,"href":"https:\/\/masquefa.cat\/noticies\/wp-json\/wp\/v2\/posts\/32347\/revisions"}],"predecessor-version":[{"id":32349,"href":"https:\/\/masquefa.cat\/noticies\/wp-json\/wp\/v2\/posts\/32347\/revisions\/32349"}],"wp:featuredmedia":[{"embeddable":true,"href":"https:\/\/masquefa.cat\/noticies\/wp-json\/wp\/v2\/media\/32348"}],"wp:attachment":[{"href":"https:\/\/masquefa.cat\/noticies\/wp-json\/wp\/v2\/media?parent=32347"}],"wp:term":[{"taxonomy":"category","embeddable":true,"href":"https:\/\/masquefa.cat\/noticies\/wp-json\/wp\/v2\/categories?post=32347"},{"taxonomy":"post_tag","embeddable":true,"href":"https:\/\/masquefa.cat\/noticies\/wp-json\/wp\/v2\/tags?post=32347"}],"curies":[{"name":"wp","href":"https:\/\/api.w.org\/{rel}","templated":true}]}}