{"id":32350,"date":"2026-04-29T12:34:45","date_gmt":"2026-04-29T10:34:45","guid":{"rendered":"https:\/\/masquefa.cat\/noticies\/?p=32350"},"modified":"2026-04-29T12:34:45","modified_gmt":"2026-04-29T10:34:45","slug":"masquefa-impulsa-per-primera-vegada-lobra-de-teatre-els-pastorets-amb-una-crida-oberta-a-la-participacio-ciutadana","status":"publish","type":"post","link":"https:\/\/masquefa.cat\/noticies\/masquefa-impulsa-per-primera-vegada-lobra-de-teatre-els-pastorets-amb-una-crida-oberta-a-la-participacio-ciutadana\/","title":{"rendered":"Masquefa impulsa per primera vegada l\u2019obra de teatre \u201cEls Pastorets\u201d amb una crida oberta a la participaci\u00f3 ciutadana"},"content":{"rendered":"<p><strong>La regidoria de cultura de l\u2019Ajuntament de Masquefa ha obert el per\u00edode d\u2019inscripcions per participar en la primera edici\u00f3 dels Pastorets de Masquefa, una nova iniciativa cultural que neix amb la voluntat d\u2019esdevenir una tradici\u00f3 arrelada a la vila.<\/strong><\/p>\n<p>El projecte, que s\u2019impulsa per primera vegada enguany, estar\u00e0 dirigit per la masquefina \u00c0ngels Mas i fa una crida a totes les persones amb ganes de fer teatre i de formar part d\u2019un projecte col\u00b7lectiu. Les inscripcions estan obertes tant per actuar a l\u2019escenari com per col\u00b7laborar en \u00e0mbits com el vestuari, el maquillatge o l\u2019equip t\u00e8cnic.<\/p>\n<p>La nova proposta cultural vol fomentar la participaci\u00f3 intergeneracional i crear un espai de trobada al voltant de les arts esc\u00e8niques, amb una representaci\u00f3 teatral t\u00edpica de les festes de Nadal a molts indrets de Catalunya i arreu dels Pa\u00efsos Catalans, escrita pel novel\u00b7lista, narrador i autor teatral Josep Maria Folch i Torres.<\/p>\n<p>El 1r tinent d\u2019alcalde i regidor de Cultura, <strong>Roger V\u00e1zquez<\/strong>, ha destacat que \u201c<strong>engegar per primera vegada els Pastorets a Masquefa \u00e9s una aposta clara per la interconnexi\u00f3 de la cultura de base i la participaci\u00f3 ciutadana<\/strong>\u201d. Aix\u00ed mateix, ha afegit que \u201c<strong>volem posar les bases d\u2019un projecte que creixi any rere any i que acabi formant part de les tradicions del casa nostra<\/strong>\u201d.<\/p>\n<p>Les persones interessades poden inscriure\u2019s mitjan\u00e7ant el formulari (<a href=\"https:\/\/forms.gle\/jWZWwjUSvxVpnbCN9\">https:\/\/forms.gle\/jWZWwjUSvxVpnbCN9<\/a>) o b\u00e9 sol\u00b7licitant la fitxa d\u2019inscripci\u00f3 a trav\u00e9s del correu electr\u00f2nic <a href=\"mailto:pastoretsmasquefa@gmail.com\">pastoretsmasquefa@gmail.com<\/a>.<\/p>\n<p>El termini per formalitzar la inscripci\u00f3 finalitza el proper <u>20 de maig de 2026<\/u>.<\/p>\n<p>L\u2019Ajuntament anima a tots els masquefins a interessar-se i formar part d\u2019aquesta nova oportunitat cultural col\u00b7lectiva.<\/p>\n","protected":false},"excerpt":{"rendered":"<p>La regidoria de cultura de l\u2019Ajuntament de Masquefa ha obert el per\u00edode d\u2019inscripcions per participar en la primera edici\u00f3 dels Pastorets de Masquefa, una nova iniciativa cultural que neix amb la voluntat d\u2019esdevenir una tradici\u00f3 arrelada a la vila. El projecte, que s\u2019impulsa per primera vegada enguany, estar\u00e0 dirigit per la masquefina \u00c0ngels Mas i&hellip;<\/p>\n","protected":false},"author":7,"featured_media":32351,"comment_status":"closed","ping_status":"closed","sticky":false,"template":"","format":"standard","meta":[],"categories":[96,61,1],"tags":[],"_links":{"self":[{"href":"https:\/\/masquefa.cat\/noticies\/wp-json\/wp\/v2\/posts\/32350"}],"collection":[{"href":"https:\/\/masquefa.cat\/noticies\/wp-json\/wp\/v2\/posts"}],"about":[{"href":"https:\/\/masquefa.cat\/noticies\/wp-json\/wp\/v2\/types\/post"}],"author":[{"embeddable":true,"href":"https:\/\/masquefa.cat\/noticies\/wp-json\/wp\/v2\/users\/7"}],"replies":[{"embeddable":true,"href":"https:\/\/masquefa.cat\/noticies\/wp-json\/wp\/v2\/comments?post=32350"}],"version-history":[{"count":1,"href":"https:\/\/masquefa.cat\/noticies\/wp-json\/wp\/v2\/posts\/32350\/revisions"}],"predecessor-version":[{"id":32352,"href":"https:\/\/masquefa.cat\/noticies\/wp-json\/wp\/v2\/posts\/32350\/revisions\/32352"}],"wp:featuredmedia":[{"embeddable":true,"href":"https:\/\/masquefa.cat\/noticies\/wp-json\/wp\/v2\/media\/32351"}],"wp:attachment":[{"href":"https:\/\/masquefa.cat\/noticies\/wp-json\/wp\/v2\/media?parent=32350"}],"wp:term":[{"taxonomy":"category","embeddable":true,"href":"https:\/\/masquefa.cat\/noticies\/wp-json\/wp\/v2\/categories?post=32350"},{"taxonomy":"post_tag","embeddable":true,"href":"https:\/\/masquefa.cat\/noticies\/wp-json\/wp\/v2\/tags?post=32350"}],"curies":[{"name":"wp","href":"https:\/\/api.w.org\/{rel}","templated":true}]}}