{"id":32353,"date":"2026-04-29T12:56:17","date_gmt":"2026-04-29T10:56:17","guid":{"rendered":"https:\/\/masquefa.cat\/noticies\/?p=32353"},"modified":"2026-04-29T12:56:17","modified_gmt":"2026-04-29T10:56:17","slug":"masquefa-celebra-el-dia-deuropa-amb-activitats-per-a-tots-els-publics-i-una-programacio-especial","status":"publish","type":"post","link":"https:\/\/masquefa.cat\/noticies\/masquefa-celebra-el-dia-deuropa-amb-activitats-per-a-tots-els-publics-i-una-programacio-especial\/","title":{"rendered":"Masquefa celebra el Dia d\u2019Europa amb activitats per a tots els p\u00fablics i una programaci\u00f3 especial"},"content":{"rendered":"<p><strong>El municipi commemora els quaranta anys d\u2019adhesi\u00f3 d\u2019Espanya i Portugal a la Uni\u00f3 Europea amb propostes culturals, educatives i participatives obertes a la ciutadania i als centres educatius.<\/strong><\/p>\n<p>Masquefa se suma un any m\u00e9s a la celebraci\u00f3 del Dia d\u2019Europa amb un ampli programa d\u2019activitats que tindran lloc els dies 7, 8 i 9 de maig. Enguany, la commemoraci\u00f3 pren un significat especial, ja que coincideix amb el 40\u00e8 aniversari de l\u2019adhesi\u00f3 d\u2019Espanya i Portugal a la Uni\u00f3 Europea.<\/p>\n<p>La programaci\u00f3 inclou propostes per a tots els p\u00fablics, amb l\u2019objectiu d\u2019apropar els valors europeus a la ciutadania i fomentar la reflexi\u00f3 sobre el paper d\u2019Europa en el context actual.<\/p>\n<p>&nbsp;<\/p>\n<p><strong><u>Activitats obertes a la ciutadania<\/u><\/strong><\/p>\n<p>El dijous 7 de maig es concentraran diversos actes destacats. El Casal de Joves acollir\u00e0 un <em>escape room<\/em> sota el t\u00edtol <em>\u201cL\u2019Europa Quest+\u201d<\/em>, amb dues sessions programades a les 17 h i a les 18 h.<\/p>\n<p>Posteriorment, a la sala d\u2019actes del CTC, tindr\u00e0 lloc la lectura del manifest institucional del Dia d\u2019Europa a les 18.15 h, seguida de la pon\u00e8ncia <em>\u201cEuropa de pot\u00e8ncia declarativa a pot\u00e8ncia transformativa\u201d<\/em>, a c\u00e0rrec de Pau Solanilla, a les 18.30 h.<\/p>\n<p>La celebraci\u00f3 continuar\u00e0 els dies 8 i 9 de maig amb la il\u00b7luminaci\u00f3 de la fa\u00e7ana de l\u2019Ajuntament i de la p\u00e8rgola del CTC, com a s\u00edmbol de la commemoraci\u00f3 europea.<\/p>\n<p>&nbsp;<\/p>\n<p><strong><u>Propostes educatives als centres escolars<\/u><\/strong><\/p>\n<p>El programa tamb\u00e9 inclou activitats pedag\u00f2giques dirigides als centres educatius del municipi. El mateix dijous 7 de maig, l\u2019alumnat de tercer de prim\u00e0ria de l\u2019escola El Tur\u00f3 participar\u00e0 en una activitat sobre els valors europeus a trav\u00e9s del joc del \u201cpassaparaula\u201d, dinamitzat pel consultor Joaquim Millan.<\/p>\n<p>L\u2019endem\u00e0, divendres 8 de maig, ser\u00e0 el torn de l\u2019escola Font del Roure, on els alumnes gaudiran de la teatralitzaci\u00f3 del llibre <em>\u201cLi deien Kal\u00f2psia. Descobrim Europa des de l\u2019espai exterior\u201d<\/em>, una proposta educativa impulsada amb la col\u00b7laboraci\u00f3 de la Comissi\u00f3 Europea a Barcelona.<\/p>\n<p>&nbsp;<\/p>\n<p><strong><u>Comprom\u00eds amb els valors europeus<\/u><\/strong><\/p>\n<p>Amb aquesta programaci\u00f3, Masquefa reafirma el seu comprom\u00eds amb els valors fundacionals de la Uni\u00f3 Europea, com la cooperaci\u00f3, la solidaritat i la ciutadania activa i promou activitats que apropen Europa a la vida quotidiana dels ve\u00efns i ve\u00efnes.<\/p>\n<p>Totes aquestes activitats s\u00f3n possibles gr\u00e0cies al suport de la Diputaci\u00f3 de Barcelona, que col\u00b7labora en la promoci\u00f3 d\u2019iniciatives locals vinculades a la difusi\u00f3 del projecte europeu.<\/p>\n","protected":false},"excerpt":{"rendered":"<p>El municipi commemora els quaranta anys d\u2019adhesi\u00f3 d\u2019Espanya i Portugal a la Uni\u00f3 Europea amb propostes culturals, educatives i participatives obertes a la ciutadania i als centres educatius. Masquefa se suma un any m\u00e9s a la celebraci\u00f3 del Dia d\u2019Europa amb un ampli programa d\u2019activitats que tindran lloc els dies 7, 8 i 9 de&hellip;<\/p>\n","protected":false},"author":7,"featured_media":32354,"comment_status":"closed","ping_status":"closed","sticky":false,"template":"","format":"standard","meta":[],"categories":[96,1,102],"tags":[],"_links":{"self":[{"href":"https:\/\/masquefa.cat\/noticies\/wp-json\/wp\/v2\/posts\/32353"}],"collection":[{"href":"https:\/\/masquefa.cat\/noticies\/wp-json\/wp\/v2\/posts"}],"about":[{"href":"https:\/\/masquefa.cat\/noticies\/wp-json\/wp\/v2\/types\/post"}],"author":[{"embeddable":true,"href":"https:\/\/masquefa.cat\/noticies\/wp-json\/wp\/v2\/users\/7"}],"replies":[{"embeddable":true,"href":"https:\/\/masquefa.cat\/noticies\/wp-json\/wp\/v2\/comments?post=32353"}],"version-history":[{"count":1,"href":"https:\/\/masquefa.cat\/noticies\/wp-json\/wp\/v2\/posts\/32353\/revisions"}],"predecessor-version":[{"id":32355,"href":"https:\/\/masquefa.cat\/noticies\/wp-json\/wp\/v2\/posts\/32353\/revisions\/32355"}],"wp:featuredmedia":[{"embeddable":true,"href":"https:\/\/masquefa.cat\/noticies\/wp-json\/wp\/v2\/media\/32354"}],"wp:attachment":[{"href":"https:\/\/masquefa.cat\/noticies\/wp-json\/wp\/v2\/media?parent=32353"}],"wp:term":[{"taxonomy":"category","embeddable":true,"href":"https:\/\/masquefa.cat\/noticies\/wp-json\/wp\/v2\/categories?post=32353"},{"taxonomy":"post_tag","embeddable":true,"href":"https:\/\/masquefa.cat\/noticies\/wp-json\/wp\/v2\/tags?post=32353"}],"curies":[{"name":"wp","href":"https:\/\/api.w.org\/{rel}","templated":true}]}}