{"id":32356,"date":"2026-04-29T13:10:13","date_gmt":"2026-04-29T11:10:13","guid":{"rendered":"https:\/\/masquefa.cat\/noticies\/?p=32356"},"modified":"2026-04-29T13:10:13","modified_gmt":"2026-04-29T11:10:13","slug":"masquefa-reconeguda-com-a-bona-practica-en-una-jornada-sobre-talent-senior-i-competitivitat-empresarial","status":"publish","type":"post","link":"https:\/\/masquefa.cat\/noticies\/masquefa-reconeguda-com-a-bona-practica-en-una-jornada-sobre-talent-senior-i-competitivitat-empresarial\/","title":{"rendered":"Masquefa, reconeguda com a bona pr\u00e0ctica en una jornada sobre talent s\u00e8nior i competitivitat empresarial"},"content":{"rendered":"<p><strong>L\u2019Ajuntament ha participat en una trobada impulsada per la Diputaci\u00f3 de Barcelona i la Fundaci\u00f3 PIMEC, on s\u2019ha posat en valor el paper del talent s\u00e8nior en el desenvolupament econ\u00f2mic<\/strong><\/p>\n<p>L\u2019Ajuntament de Masquefa ha participat en la jornada \u201cTalent s\u00e8nior i competitivitat empresarial\u201d, organitzada per la Diputaci\u00f3 de Barcelona i la Fundaci\u00f3 PIMEC, un espai de reflexi\u00f3 i intercanvi d\u2019experi\u00e8ncies al voltant del valor del talent s\u00e8nior en el teixit productiu.<\/p>\n<p>Durant la trobada, el projecte \u201c<a href=\"https:\/\/masquefa.cat\/promocio-economica\/talent-40\/\">Talent +40: experi\u00e8ncia que construeix futur<\/a>\u201d \u2013impulsat per l\u2019Ajuntament de Masquefa, conjuntament amb els ajuntaments de Piera i Els Hostalets de Pierola\u2013 ha estat seleccionada com a exemple de bona pr\u00e0ctica entre els 311 municipis de la prov\u00edncia, fet que posa en relleu les iniciatives impulsades des del consistori en aquest \u00e0mbit. En aquest sentit, el 1r tinent d\u2019alcalde i regidor de Desenvolupament Econ\u00f2mic, <strong>Roger V\u00e0zquez<\/strong>, ha destacat que \u201c<strong>\u00e9s molt significatiu que la Diputaci\u00f3 hagi escollit Masquefa com a referent, perqu\u00e8 valida la feina que estem fent per posar en valor el talent i l\u2019experi\u00e8ncia de les persones al llarg de totes les etapes de la vida laboral<\/strong>\u201d.<\/p>\n<p>En representaci\u00f3 del municipi, hi han participat com a ponents Roger V\u00e0zquez, 1r tinent d\u2019alcalde i regidor de Desenvolupament Econ\u00f2mic; Cristina Branera, t\u00e8cnica de treball de l\u2019Ajuntament; i Laia Mart\u00ednez, directora adjunta de Transsersovires, una de les empreses que ha participat en el projecte.<\/p>\n<p>&nbsp;<\/p>\n<p><strong><u>El talent s\u00e8nior, clau per a l\u2019economia local<\/u><\/strong><\/p>\n<p>La jornada ha servit per posar sobre la taula la import\u00e0ncia del talent s\u00e8nior com a element estrat\u00e8gic per a la competitivitat de les empreses, especialment en un context de transformaci\u00f3 del mercat laboral i envelliment de la poblaci\u00f3 activa.<\/p>\n<p>En aquest marc, s\u2019han compartit experi\u00e8ncies i projectes orientats a promoure la inclusi\u00f3 laboral de persones amb traject\u00f2ries professionals consolidades, aix\u00ed com a fomentar la transfer\u00e8ncia de coneixement dins les organitzacions.<\/p>\n<p>El regidor ha remarcat que \u201c<strong>des de Masquefa treballem per generar oportunitats per a tothom, tamb\u00e9 per a aquelles persones amb una llarga experi\u00e8ncia professional que encara tenen molt a aportar<\/strong>\u201d, i ha afegit que \u201c<strong>apostar pel talent s\u00e8nior \u00e9s apostar per experi\u00e8ncia, lideratge, actitud, comprom\u00eds i implicaci\u00f3<\/strong>\u201d.<\/p>\n<p>&nbsp;<\/p>\n<p><strong><u>Reconeixement a una l\u00ednia de treball consolidada<\/u><\/strong><\/p>\n<p>La participaci\u00f3 de Masquefa en aquesta jornada respon a una traject\u00f2ria de treball continuat en mat\u00e8ria de desenvolupament econ\u00f2mic \u2013sobretot pel que fa al Servei Local d\u2019Ocupaci\u00f3\u2013, amb iniciatives orientades a millorar l\u2019ocupabilitat, refor\u00e7ar el teixit empresarial i adaptar-se als nous reptes del mercat laboral.<\/p>\n<p>El fet que la Diputaci\u00f3 de Barcelona hagi destacat el municipi com a bona pr\u00e0ctica evidencia l\u2019impacte i la projecci\u00f3 d\u2019aquestes pol\u00edtiques a escala supramunicipal.<\/p>\n<p>&nbsp;<\/p>\n<p><strong><u>Espai d\u2019intercanvi i col\u00b7laboraci\u00f3 institucional<\/u><\/strong><\/p>\n<p>La jornada tamb\u00e9 ha estat una oportunitat per refor\u00e7ar la col\u00b7laboraci\u00f3 entre administracions i agents econ\u00f2mics, aix\u00ed com per compartir coneixement i generar noves l\u00ednies de treball conjuntes.<\/p>\n<p>Amb aquesta participaci\u00f3, l\u2019Ajuntament de Masquefa reafirma el seu comprom\u00eds amb el desenvolupament econ\u00f2mic del municipi i amb la promoci\u00f3 d\u2019un model productiu inclusiu, que reconegui el valor de totes les persones i etapes professionals.<\/p>\n","protected":false},"excerpt":{"rendered":"<p>L\u2019Ajuntament ha participat en una trobada impulsada per la Diputaci\u00f3 de Barcelona i la Fundaci\u00f3 PIMEC, on s\u2019ha posat en valor el paper del talent s\u00e8nior en el desenvolupament econ\u00f2mic L\u2019Ajuntament de Masquefa ha participat en la jornada \u201cTalent s\u00e8nior i competitivitat empresarial\u201d, organitzada per la Diputaci\u00f3 de Barcelona i la Fundaci\u00f3 PIMEC, un espai&hellip;<\/p>\n","protected":false},"author":7,"featured_media":32357,"comment_status":"closed","ping_status":"closed","sticky":false,"template":"","format":"standard","meta":[],"categories":[96,1,67],"tags":[],"_links":{"self":[{"href":"https:\/\/masquefa.cat\/noticies\/wp-json\/wp\/v2\/posts\/32356"}],"collection":[{"href":"https:\/\/masquefa.cat\/noticies\/wp-json\/wp\/v2\/posts"}],"about":[{"href":"https:\/\/masquefa.cat\/noticies\/wp-json\/wp\/v2\/types\/post"}],"author":[{"embeddable":true,"href":"https:\/\/masquefa.cat\/noticies\/wp-json\/wp\/v2\/users\/7"}],"replies":[{"embeddable":true,"href":"https:\/\/masquefa.cat\/noticies\/wp-json\/wp\/v2\/comments?post=32356"}],"version-history":[{"count":1,"href":"https:\/\/masquefa.cat\/noticies\/wp-json\/wp\/v2\/posts\/32356\/revisions"}],"predecessor-version":[{"id":32358,"href":"https:\/\/masquefa.cat\/noticies\/wp-json\/wp\/v2\/posts\/32356\/revisions\/32358"}],"wp:featuredmedia":[{"embeddable":true,"href":"https:\/\/masquefa.cat\/noticies\/wp-json\/wp\/v2\/media\/32357"}],"wp:attachment":[{"href":"https:\/\/masquefa.cat\/noticies\/wp-json\/wp\/v2\/media?parent=32356"}],"wp:term":[{"taxonomy":"category","embeddable":true,"href":"https:\/\/masquefa.cat\/noticies\/wp-json\/wp\/v2\/categories?post=32356"},{"taxonomy":"post_tag","embeddable":true,"href":"https:\/\/masquefa.cat\/noticies\/wp-json\/wp\/v2\/tags?post=32356"}],"curies":[{"name":"wp","href":"https:\/\/api.w.org\/{rel}","templated":true}]}}