{"id":32702,"date":"2026-09-01T08:44:38","date_gmt":"2026-09-01T06:44:38","guid":{"rendered":"https:\/\/masquefa.cat\/noticies\/?p=32702"},"modified":"2026-09-01T13:06:29","modified_gmt":"2026-09-01T11:06:29","slug":"la-capella-del-roser-acull-lexposicio-edatisme-zero-alliberem-ledat-de-prejudicis-i-discriminacions","status":"publish","type":"post","link":"https:\/\/masquefa.cat\/noticies\/la-capella-del-roser-acull-lexposicio-edatisme-zero-alliberem-ledat-de-prejudicis-i-discriminacions\/","title":{"rendered":"La Capella del Roser acull l\u2019exposici\u00f3 \u00abEdatisme Zero: Alliberem l\u2019edat de prejudicis i discriminacions\u00bb"},"content":{"rendered":"<p class=\"PDq2pG_selectionAnchorContainer\" data-start=\"109\" data-end=\"467\">La Regidoria de Cicles de Vida impulsa una nova acci\u00f3 de sensibilitzaci\u00f3 per combatre els prejudicis i les discriminacions associades a l\u2019edat. Del 3 al 4 de setembre i del 6 al 10 de setembre, la Capella del Roser acollir\u00e0 l\u2019exposici\u00f3 <strong data-start=\"320\" data-end=\"389\">\u00abEdatisme Zero: Alliberem l\u2019edat de prejudicis i discriminacions\u00bb<\/strong>, una iniciativa realitzada amb la col\u00b7laboraci\u00f3 de la Diputaci\u00f3 de Barcelona.<\/p>\n<p data-start=\"469\" data-end=\"790\">La mostra forma part del conjunt d\u2019activitats que s\u2019impulsen des de la Regidoria de Cicles de Vida amb l\u2019objectiu de visibilitzar i combatre l\u2019edatisme, \u00e9s a dir, la discriminaci\u00f3 basada en l\u2019edat. La iniciativa vol promoure una mirada m\u00e9s respectuosa, inclusiva i lliure d\u2019estereotips envers totes les etapes de la vida.<\/p>\n<p data-start=\"792\" data-end=\"1196\">L\u2019acte d\u2019inauguraci\u00f3 servir\u00e0 tamb\u00e9 per donar el tret de sortida a les diferents iniciatives previstes al voltant de la sensibilitzaci\u00f3 contra l\u2019edatisme. Comptar\u00e0 amb la pres\u00e8ncia de l\u2019alcalde, <strong data-start=\"986\" data-end=\"1006\">Daniel Guti\u00e9rrez<\/strong>, i del regidor de Cicles de Vida, <strong data-start=\"1041\" data-end=\"1056\">David Oliva<\/strong>. En finalitzar l\u2019acte, les persones assistents podran compartir una copa de cava per celebrar l\u2019inici d\u2019aquesta jornada de sensibilitzaci\u00f3.<\/p>\n<p data-start=\"1198\" data-end=\"1391\">L\u2019Ajuntament convida tota la ciutadania a visitar l\u2019exposici\u00f3 i a sumar-se a aquesta iniciativa col\u00b7lectiva per avan\u00e7ar cap a una societat lliure de prejudicis i discriminacions per ra\u00f3 d\u2019edat.<\/p>\n<h3 data-section-id=\"1ocd8kx\" data-start=\"1393\" data-end=\"1416\">Informaci\u00f3 pr\u00e0ctica<\/h3>\n<ul data-start=\"1417\" data-end=\"1520\">\n<li data-section-id=\"jfn27w\" data-start=\"1417\" data-end=\"1446\"><strong data-start=\"1419\" data-end=\"1428\">Lloc:<\/strong> Capella del Roser<\/li>\n<li data-section-id=\"vxdjyx\" data-start=\"1447\" data-end=\"1483\"><strong data-start=\"1449\" data-end=\"1459\">Dates:<\/strong> del 3 al 10 de setembre<\/li>\n<li data-section-id=\"1oif5m2\" data-start=\"1484\" data-end=\"1520\"><strong data-start=\"1486\" data-end=\"1507\">Horari de visita:<\/strong> de 17 a 19 h<\/li>\n<\/ul>\n<p data-start=\"1522\" data-end=\"1639\" data-is-last-node=\"\" data-is-only-node=\"\">Una oportunitat per reflexionar, prendre consci\u00e8ncia i contribuir a alliberar l\u2019edat de prejudicis i estereotips.<\/p>\n","protected":false},"excerpt":{"rendered":"<p>La Regidoria de Cicles de Vida impulsa una nova acci\u00f3 de sensibilitzaci\u00f3 per combatre els prejudicis i les discriminacions associades a l\u2019edat. Del 3 al 4 de setembre i del 6 al 10 de setembre, la Capella del Roser acollir\u00e0 l\u2019exposici\u00f3 \u00abEdatisme Zero: Alliberem l\u2019edat de prejudicis i discriminacions\u00bb, una iniciativa realitzada amb la col\u00b7laboraci\u00f3&hellip;<\/p>\n","protected":false},"author":7,"featured_media":32711,"comment_status":"closed","ping_status":"closed","sticky":false,"template":"","format":"standard","meta":[],"categories":[96,1,64],"tags":[],"_links":{"self":[{"href":"https:\/\/masquefa.cat\/noticies\/wp-json\/wp\/v2\/posts\/32702"}],"collection":[{"href":"https:\/\/masquefa.cat\/noticies\/wp-json\/wp\/v2\/posts"}],"about":[{"href":"https:\/\/masquefa.cat\/noticies\/wp-json\/wp\/v2\/types\/post"}],"author":[{"embeddable":true,"href":"https:\/\/masquefa.cat\/noticies\/wp-json\/wp\/v2\/users\/7"}],"replies":[{"embeddable":true,"href":"https:\/\/masquefa.cat\/noticies\/wp-json\/wp\/v2\/comments?post=32702"}],"version-history":[{"count":3,"href":"https:\/\/masquefa.cat\/noticies\/wp-json\/wp\/v2\/posts\/32702\/revisions"}],"predecessor-version":[{"id":32713,"href":"https:\/\/masquefa.cat\/noticies\/wp-json\/wp\/v2\/posts\/32702\/revisions\/32713"}],"wp:featuredmedia":[{"embeddable":true,"href":"https:\/\/masquefa.cat\/noticies\/wp-json\/wp\/v2\/media\/32711"}],"wp:attachment":[{"href":"https:\/\/masquefa.cat\/noticies\/wp-json\/wp\/v2\/media?parent=32702"}],"wp:term":[{"taxonomy":"category","embeddable":true,"href":"https:\/\/masquefa.cat\/noticies\/wp-json\/wp\/v2\/categories?post=32702"},{"taxonomy":"post_tag","embeddable":true,"href":"https:\/\/masquefa.cat\/noticies\/wp-json\/wp\/v2\/tags?post=32702"}],"curies":[{"name":"wp","href":"https:\/\/api.w.org\/{rel}","templated":true}]}}