{"id":32705,"date":"2026-09-01T08:52:19","date_gmt":"2026-09-01T06:52:19","guid":{"rendered":"https:\/\/masquefa.cat\/noticies\/?p=32705"},"modified":"2026-09-01T08:55:42","modified_gmt":"2026-09-01T06:55:42","slug":"masquefa-celebra-la-diada-nacional-de-catalunya-amb-dos-dies-dactes-populars-i-institucionals","status":"publish","type":"post","link":"https:\/\/masquefa.cat\/noticies\/masquefa-celebra-la-diada-nacional-de-catalunya-amb-dos-dies-dactes-populars-i-institucionals\/","title":{"rendered":"Masquefa celebra la Diada Nacional de Catalunya amb dos dies d\u2019actes populars i institucionals"},"content":{"rendered":"<h4><strong>La programaci\u00f3 tindr\u00e0 lloc els dies 10 i 11 de setembre i combinar\u00e0 sardanes, cultura popular, m\u00fasica, l\u2019acte institucional i la tradicional ofrena floral<\/strong><\/h4>\n<p>&nbsp;<\/p>\n<p>Masquefa es prepara per celebrar la <strong>Diada Nacional de Catalunya 2026<\/strong> amb una programaci\u00f3 de dos dies que combinar\u00e0 tradici\u00f3, cultura popular, m\u00fasica i actes institucionals. Les entitats de la \u2018Comissi\u00f3 11 de setembre\u2019 i l\u2019Ajuntament de Masquefa han preparat diverses activitats obertes a tots els vilatans per commemorar aquesta jornada.<\/p>\n<p><strong>Actes populars<\/strong><\/p>\n<p>Els actes comen\u00e7aran dijous, 10 de setembre, a les 19 h, a la pla\u00e7a Josep M. Vila (de l\u2019estaci\u00f3), amb una <strong>ballada de sardanes<\/strong> a c\u00e0rrec de la Cobla Ciutat de Manresa i amb la participaci\u00f3 de la Colla Sardanista de l\u2019Alzinar. A les 21 h, el protagonisme passar\u00e0 a la cultura popular local amb les <strong>actuacions dels balls del Seguici Festiu de Masquefa<\/strong>. Tot seguit, tindr\u00e0 lloc la <strong>lectura del manifest de l\u2019Assemblea Nacional Catalana<\/strong>.<\/p>\n<p>La nit continuar\u00e0, a les 21.45 h, amb un <strong>concert de can\u00e7ons populars de tradici\u00f3 oral<\/strong>, amb el grup <em>\u201cGrana i moscatell\u201d<\/em>. Tot seguit, es podr\u00e0 compartir un moment de trobada amb coca i cava per a tothom i els actes clouran amb la cantada de l\u2019himne nacional de Catalunya: Els Segadors.<\/p>\n<p>&nbsp;<\/p>\n<p><strong>Acte institucional i ofrena floral<\/strong><\/p>\n<p>Els actes continuaran divendres, 11 de setembre. A les 10 h, el sal\u00f3 de plens de l\u2019Ajuntament acollir\u00e0 l\u2019<strong>acte institucional de la Diada Nacional<\/strong>, que clour\u00e0 amb la interpretaci\u00f3 dels Segadors amb la Coral de l\u2019Alzinar. A les 10.30 h, sortir\u00e0 des de l\u2019Ajuntament la <strong>passejada popular <\/strong>fins al passeig Onze de Setembre, oberta a tots els estaments, grups i vilatans que hi vulguin participar.<\/p>\n<p>Un cop al passeig Onze de Setembre, a les 11 h, tindr\u00e0 lloc la <strong>cantada de la Coral de l\u2019Alzinar<\/strong>. Tot seguit, se celebrar\u00e0 l\u2019<strong>ofrena floral al monument \u201c11 de Setembre\u201d<\/strong>, a c\u00e0rrec d\u2019entitats i particulars.<\/p>\n<p>La commemoraci\u00f3 finalitzar\u00e0 amb el tradicional <strong>Cant dels Segadors<\/strong>.<\/p>\n<p>&nbsp;<\/p>\n<p><strong>Una Diada per viure i compartir<\/strong><\/p>\n<p>El 1r tinent d\u2019alcalde i regidor de Cultura, <strong>Roger V\u00e0zquez<\/strong>, posa en valor una programaci\u00f3 que vol mantenir viu el car\u00e0cter popular de la celebraci\u00f3: \u201c<strong>Volem que la Diada Nacional sigui, un any m\u00e9s, una jornada oberta i participativa, amb una programaci\u00f3 que combina l\u2019orgull local i l\u2019orgull nacional, i animem tothom a sortir al carrer i viure-la.<\/strong>\u201d<\/p>\n<p>L\u2019Ajuntament de Masquefa convida tothom a participar en els actes de la Diada Nacional de Catalunya i a compartir aquesta jornada de cultura, tradici\u00f3 i comunitat.<\/p>\n","protected":false},"excerpt":{"rendered":"<p>La programaci\u00f3 tindr\u00e0 lloc els dies 10 i 11 de setembre i combinar\u00e0 sardanes, cultura popular, m\u00fasica, l\u2019acte institucional i la tradicional ofrena floral &nbsp; Masquefa es prepara per celebrar la Diada Nacional de Catalunya 2026 amb una programaci\u00f3 de dos dies que combinar\u00e0 tradici\u00f3, cultura popular, m\u00fasica i actes institucionals. Les entitats de la&hellip;<\/p>\n","protected":false},"author":7,"featured_media":32706,"comment_status":"closed","ping_status":"closed","sticky":false,"template":"","format":"standard","meta":[],"categories":[96,61,1],"tags":[],"_links":{"self":[{"href":"https:\/\/masquefa.cat\/noticies\/wp-json\/wp\/v2\/posts\/32705"}],"collection":[{"href":"https:\/\/masquefa.cat\/noticies\/wp-json\/wp\/v2\/posts"}],"about":[{"href":"https:\/\/masquefa.cat\/noticies\/wp-json\/wp\/v2\/types\/post"}],"author":[{"embeddable":true,"href":"https:\/\/masquefa.cat\/noticies\/wp-json\/wp\/v2\/users\/7"}],"replies":[{"embeddable":true,"href":"https:\/\/masquefa.cat\/noticies\/wp-json\/wp\/v2\/comments?post=32705"}],"version-history":[{"count":4,"href":"https:\/\/masquefa.cat\/noticies\/wp-json\/wp\/v2\/posts\/32705\/revisions"}],"predecessor-version":[{"id":32710,"href":"https:\/\/masquefa.cat\/noticies\/wp-json\/wp\/v2\/posts\/32705\/revisions\/32710"}],"wp:featuredmedia":[{"embeddable":true,"href":"https:\/\/masquefa.cat\/noticies\/wp-json\/wp\/v2\/media\/32706"}],"wp:attachment":[{"href":"https:\/\/masquefa.cat\/noticies\/wp-json\/wp\/v2\/media?parent=32705"}],"wp:term":[{"taxonomy":"category","embeddable":true,"href":"https:\/\/masquefa.cat\/noticies\/wp-json\/wp\/v2\/categories?post=32705"},{"taxonomy":"post_tag","embeddable":true,"href":"https:\/\/masquefa.cat\/noticies\/wp-json\/wp\/v2\/tags?post=32705"}],"curies":[{"name":"wp","href":"https:\/\/api.w.org\/{rel}","templated":true}]}}