{"id":32736,"date":"2026-09-04T22:31:23","date_gmt":"2026-09-04T20:31:23","guid":{"rendered":"https:\/\/masquefa.cat\/noticies\/?p=32736"},"modified":"2026-09-04T22:31:23","modified_gmt":"2026-09-04T20:31:23","slug":"masquefa-impulsa-la-primera-trobada-de-turisme-cientific-per-apropar-la-ciencia-a-la-ciutadania-i-posar-en-valor-el-territori","status":"publish","type":"post","link":"https:\/\/masquefa.cat\/noticies\/masquefa-impulsa-la-primera-trobada-de-turisme-cientific-per-apropar-la-ciencia-a-la-ciutadania-i-posar-en-valor-el-territori\/","title":{"rendered":"Masquefa impulsa la Primera Trobada de Turisme Cient\u00edfic per apropar la ci\u00e8ncia a la ciutadania i posar en valor el territori"},"content":{"rendered":"<p><strong>La jornada principal, el dissabte 3 d\u2019octubre, reunir\u00e0 experts i professionals de la divulgaci\u00f3 cient\u00edfica, la conservaci\u00f3 i la biodiversitat i estar\u00e0 oberta al p\u00fablic general i als ve\u00efns de Masquefa. La iniciativa est\u00e0 impulsada per l\u2019Ajuntament de Masquefa conjuntament amb el CRARC i compta amb el suport de la Diputaci\u00f3 de Barcelona.<\/strong><\/p>\n<p>Masquefa acollir\u00e0 els dies <strong>2 i 3 d\u2019octubre la Primera Trobada de Turisme Cient\u00edfic<\/strong>, una iniciativa impulsada per l\u2019Ajuntament de Masquefa conjuntament amb el <strong>Centre de Recuperaci\u00f3 d\u2019Amfibis i R\u00e8ptils de Catalunya (CRARC)<\/strong> i amb el suport de la <strong>Diputaci\u00f3 de Barcelona<\/strong>.<\/p>\n<p>La trobada neix amb l\u2019objectiu d\u2019apropar la ci\u00e8ncia a la ciutadania, promoure la conservaci\u00f3 de la biodiversitat i posar en valor el territori a trav\u00e9s del coneixement, la divulgaci\u00f3 i l\u2019experi\u00e8ncia directa.<\/p>\n<p>L\u2019alcalde de Masquefa, <strong>Daniel Guti\u00e9rrez<\/strong>, ha destacat que \u201caquesta Primera Trobada de Turisme Cient\u00edfic \u00e9s una oportunitat per fomentar la divulgaci\u00f3 cient\u00edfica entre la ciutadania, per\u00f2 tamb\u00e9 per posar en valor un equipament de refer\u00e8ncia com \u00e9s el CRARC i la tasca que desenvolupa en l\u2019\u00e0mbit de la conservaci\u00f3 i la biodiversitat\u201d.<\/p>\n<p>La programaci\u00f3 s\u2019estructura en <strong>dues jornades<\/strong>. El <strong>divendres 2 d\u2019octubre<\/strong>, el CRARC apropar\u00e0 la ci\u00e8ncia als centres educatius de Masquefa amb activitats de divulgaci\u00f3 adre\u00e7ades a l\u2019alumnat de <strong>5\u00e8 i 6\u00e8 de prim\u00e0ria i 1r i 2n d\u2019ESO<\/strong>.<\/p>\n<p><strong><u>Jornada de divulgaci\u00f3 cient\u00edfica<\/u><\/strong><\/p>\n<p>El <strong>dissabte 3 d\u2019octubre<\/strong> tindr\u00e0 lloc la jornada principal, al <strong>CTC Masquefa<\/strong>, amb una programaci\u00f3 de xerrades i taules rodones que reunir\u00e0 experts i professionals vinculats a la divulgaci\u00f3 cient\u00edfica, la conservaci\u00f3 i la biodiversitat.<\/p>\n<p>La jornada comen\u00e7ar\u00e0 a les <strong>9 h amb l\u2019arribada dels participants i les acreditacions<\/strong>, seguida de la benvinguda institucional. A les 9.30 h, la bi\u00f2loga i divulgadora cient\u00edfica <strong>Evelyn Segura<\/strong> oferir\u00e0 la confer\u00e8ncia inaugural, titulada <em>\u201cLa conservaci\u00f3 de la natura ex situ i in situ\u201d<\/em>.<\/p>\n<p>La programaci\u00f3 continuar\u00e0 amb la taula rodona <em>\u201cEls centres de recuperaci\u00f3, eina indispensable?\u201d<\/em> i, despr\u00e9s de la pausa caf\u00e8, amb una segona taula rodona dedicada a <em>\u201cLa societat i els programes de conservaci\u00f3 d\u2019esp\u00e8cies amena\u00e7ades\u201d<\/em>. La sessi\u00f3 inclour\u00e0 tamb\u00e9 la presentaci\u00f3 audiovisual <em>\u201cLa tortuga mediterr\u00e0nia\u201d<\/em>.<\/p>\n<p>La jornada comptar\u00e0 amb la participaci\u00f3 de professionals i representants d\u2019entitats i institucions vinculades a la conservaci\u00f3 i la biodiversitat, entre els quals hi ha membres del <strong>CRARC<\/strong>, del <strong>Parc Natural dels Aiguamolls de l\u2019Empord\u00e0<\/strong>, del <strong>Centre de Reproducci\u00f3 de Tortugues de l\u2019Albera<\/strong>, de <strong>Concolor Media<\/strong>, empresa dedicada a la producci\u00f3 de curtmetratges i llargmetratges documentals especialitzats en fauna ib\u00e8rica i de la qual David Perpi\u00f1\u00e1n \u00e9s fundador, de l\u2019<strong>Associaci\u00f3 de Defensa i Estudi de la Fauna i Flora Aut\u00f2ctona (ADEFFA)<\/strong>, de la <strong>Societat Catalana d\u2019Herpetologia (SCH)<\/strong> i de l\u2019<strong>Associaci\u00f3 Mediambiental La S\u00ednia<\/strong><\/p>\n<p>La sessi\u00f3 de mat\u00ed finalitzar\u00e0 a les <strong>13 h amb un debat obert i la cloenda<\/strong>.<\/p>\n<p><strong><u>Una visita en profunditat al CRARC<\/u><\/strong><\/p>\n<p>La programaci\u00f3 es completar\u00e0 a la tarda amb una <strong>visita en profunditat al CRARC<\/strong>, prevista a les <strong>16 h<\/strong>, que permetr\u00e0 als participants con\u00e8ixer de primera m\u00e0 la tasca que desenvolupa aquest centre en els \u00e0mbits cient\u00edfic, veterinari, educatiu i de conservaci\u00f3.<\/p>\n<p>La visita contribuir\u00e0 a posar en relleu el paper del CRARC com a centre de refer\u00e8ncia i a donar a con\u00e8ixer la feina que es desenvolupa al territori en favor de la protecci\u00f3 de la biodiversitat.<\/p>\n<p><strong><u>Inscripcions obertes<\/u><\/strong><\/p>\n<p>La participaci\u00f3 a la jornada del <strong>dissabte 3 d\u2019octubre \u00e9s gratu\u00efta<\/strong>, per\u00f2 cal fer <strong>inscripci\u00f3 pr\u00e8via <\/strong>a trav\u00e9s de masquefa.cat\/tr\u00e0mits.<\/p>\n<p>Amb aquesta Primera Trobada de Turisme Cient\u00edfic, <strong>Masquefa vol refor\u00e7ar el vincle entre ci\u00e8ncia, biodiversitat, divulgaci\u00f3 i territori<\/strong>, alhora que posa en valor el CRARC i contribueix a donar visibilitat al potencial del turisme cient\u00edfic com a eina per acostar el coneixement i la divulgaci\u00f3 cient\u00edfica a la poblaci\u00f3.<\/p>\n<p>&nbsp;<\/p>\n","protected":false},"excerpt":{"rendered":"<p>La jornada principal, el dissabte 3 d\u2019octubre, reunir\u00e0 experts i professionals de la divulgaci\u00f3 cient\u00edfica, la conservaci\u00f3 i la biodiversitat i estar\u00e0 oberta al p\u00fablic general i als ve\u00efns de Masquefa. La iniciativa est\u00e0 impulsada per l\u2019Ajuntament de Masquefa conjuntament amb el CRARC i compta amb el suport de la Diputaci\u00f3 de Barcelona. Masquefa acollir\u00e0&hellip;<\/p>\n","protected":false},"author":7,"featured_media":32737,"comment_status":"closed","ping_status":"closed","sticky":false,"template":"","format":"standard","meta":[],"categories":[96,1,99],"tags":[],"_links":{"self":[{"href":"https:\/\/masquefa.cat\/noticies\/wp-json\/wp\/v2\/posts\/32736"}],"collection":[{"href":"https:\/\/masquefa.cat\/noticies\/wp-json\/wp\/v2\/posts"}],"about":[{"href":"https:\/\/masquefa.cat\/noticies\/wp-json\/wp\/v2\/types\/post"}],"author":[{"embeddable":true,"href":"https:\/\/masquefa.cat\/noticies\/wp-json\/wp\/v2\/users\/7"}],"replies":[{"embeddable":true,"href":"https:\/\/masquefa.cat\/noticies\/wp-json\/wp\/v2\/comments?post=32736"}],"version-history":[{"count":1,"href":"https:\/\/masquefa.cat\/noticies\/wp-json\/wp\/v2\/posts\/32736\/revisions"}],"predecessor-version":[{"id":32738,"href":"https:\/\/masquefa.cat\/noticies\/wp-json\/wp\/v2\/posts\/32736\/revisions\/32738"}],"wp:featuredmedia":[{"embeddable":true,"href":"https:\/\/masquefa.cat\/noticies\/wp-json\/wp\/v2\/media\/32737"}],"wp:attachment":[{"href":"https:\/\/masquefa.cat\/noticies\/wp-json\/wp\/v2\/media?parent=32736"}],"wp:term":[{"taxonomy":"category","embeddable":true,"href":"https:\/\/masquefa.cat\/noticies\/wp-json\/wp\/v2\/categories?post=32736"},{"taxonomy":"post_tag","embeddable":true,"href":"https:\/\/masquefa.cat\/noticies\/wp-json\/wp\/v2\/tags?post=32736"}],"curies":[{"name":"wp","href":"https:\/\/api.w.org\/{rel}","templated":true}]}}